{"id":170,"date":"2019-04-10T21:45:40","date_gmt":"2019-04-10T19:45:40","guid":{"rendered":"https:\/\/www.mittelschule-perg.at\/stadtzentrum\/?p=170"},"modified":"2021-09-06T17:03:45","modified_gmt":"2021-09-06T15:03:45","slug":"vivaldi-in-der-schule","status":"publish","type":"post","link":"https:\/\/www.mittelschule-perg.at\/stadtzentrum\/vivaldi-in-der-schule\/","title":{"rendered":"Vivaldi in der Schule"},"content":{"rendered":"<p>Getanzt, geklatscht, gelacht und musiziert wurde am Mittwoch, den 8. November in unserer Schule beim Mitmachkonzert. Zwei Musiker aus Wien stellten schauspielerisch und musikalisch das Werk &#8222;Die vier Jahreszeiten&#8220; von Antonio Vivaldi vor. Die nach dem Konzert befragten Sch\u00fclerinnen und Sch\u00fcler fanden es interssant, lehrreich, lustig und cool. Einen Daumen hoch f\u00fcr das Konzert.<\/p>\n\n\t\t<style>\n\t\t\t#gallery-1 {\n\t\t\t\tmargin: auto;\n\t\t\t}\n\t\t\t#gallery-1 .gallery-item {\n\t\t\t\tfloat: left;\n\t\t\t\tmargin-top: 10px;\n\t\t\t\ttext-align: center;\n\t\t\t\twidth: 14%;\n\t\t\t}\n\t\t\t#gallery-1 img {\n\t\t\t\tborder: 2px solid #cfcfcf;\n\t\t\t}\n\t\t\t#gallery-1 .gallery-caption {\n\t\t\t\tmargin-left: 0;\n\t\t\t}\n\t\t\t\/* see gallery_shortcode() in wp-includes\/media.php *\/\n\t\t<\/style>\n\t\t<div id='gallery-1' class='gallery galleryid-170 gallery-columns-7 gallery-size-thumbnail'><dl class='gallery-item'>\n\t\t\t<dt class='gallery-icon landscape'>\n\t\t\t\t<a href='https:\/\/www.mittelschule-perg.at\/stadtzentrum\/wp-content\/uploads\/2019\/04\/IMG-20171109-WA0003.jpg'><img loading=\"lazy\" decoding=\"async\" width=\"80\" height=\"80\" src=\"https:\/\/www.mittelschule-perg.at\/stadtzentrum\/wp-content\/uploads\/2019\/04\/IMG-20171109-WA0003-80x80.jpg\" class=\"attachment-thumbnail size-thumbnail\" alt=\"\" srcset=\"https:\/\/www.mittelschule-perg.at\/stadtzentrum\/wp-content\/uploads\/2019\/04\/IMG-20171109-WA0003-80x80.jpg 80w, https:\/\/www.mittelschule-perg.at\/stadtzentrum\/wp-content\/uploads\/2019\/04\/IMG-20171109-WA0003-36x36.jpg 36w, https:\/\/www.mittelschule-perg.at\/stadtzentrum\/wp-content\/uploads\/2019\/04\/IMG-20171109-WA0003-180x180.jpg 180w, https:\/\/www.mittelschule-perg.at\/stadtzentrum\/wp-content\/uploads\/2019\/04\/IMG-20171109-WA0003-120x120.jpg 120w, https:\/\/www.mittelschule-perg.at\/stadtzentrum\/wp-content\/uploads\/2019\/04\/IMG-20171109-WA0003-450x450.jpg 450w\" sizes=\"auto, (max-width: 80px) 100vw, 80px\" \/><\/a>\n\t\t\t<\/dt><\/dl><dl class='gallery-item'>\n\t\t\t<dt class='gallery-icon landscape'>\n\t\t\t\t<a href='https:\/\/www.mittelschule-perg.at\/stadtzentrum\/wp-content\/uploads\/2019\/04\/IMG-20171109-WA0005.jpg'><img loading=\"lazy\" decoding=\"async\" width=\"80\" height=\"80\" src=\"https:\/\/www.mittelschule-perg.at\/stadtzentrum\/wp-content\/uploads\/2019\/04\/IMG-20171109-WA0005-80x80.jpg\" class=\"attachment-thumbnail size-thumbnail\" alt=\"\" srcset=\"https:\/\/www.mittelschule-perg.at\/stadtzentrum\/wp-content\/uploads\/2019\/04\/IMG-20171109-WA0005-80x80.jpg 80w, https:\/\/www.mittelschule-perg.at\/stadtzentrum\/wp-content\/uploads\/2019\/04\/IMG-20171109-WA0005-36x36.jpg 36w, https:\/\/www.mittelschule-perg.at\/stadtzentrum\/wp-content\/uploads\/2019\/04\/IMG-20171109-WA0005-180x180.jpg 180w, https:\/\/www.mittelschule-perg.at\/stadtzentrum\/wp-content\/uploads\/2019\/04\/IMG-20171109-WA0005-120x120.jpg 120w, https:\/\/www.mittelschule-perg.at\/stadtzentrum\/wp-content\/uploads\/2019\/04\/IMG-20171109-WA0005-450x450.jpg 450w\" sizes=\"auto, (max-width: 80px) 100vw, 80px\" \/><\/a>\n\t\t\t<\/dt><\/dl><dl class='gallery-item'>\n\t\t\t<dt class='gallery-icon landscape'>\n\t\t\t\t<a href='https:\/\/www.mittelschule-perg.at\/stadtzentrum\/wp-content\/uploads\/2019\/04\/IMG-20171109-WA0006.jpg'><img loading=\"lazy\" decoding=\"async\" width=\"80\" height=\"80\" src=\"https:\/\/www.mittelschule-perg.at\/stadtzentrum\/wp-content\/uploads\/2019\/04\/IMG-20171109-WA0006-80x80.jpg\" class=\"attachment-thumbnail size-thumbnail\" alt=\"\" srcset=\"https:\/\/www.mittelschule-perg.at\/stadtzentrum\/wp-content\/uploads\/2019\/04\/IMG-20171109-WA0006-80x80.jpg 80w, https:\/\/www.mittelschule-perg.at\/stadtzentrum\/wp-content\/uploads\/2019\/04\/IMG-20171109-WA0006-36x36.jpg 36w, https:\/\/www.mittelschule-perg.at\/stadtzentrum\/wp-content\/uploads\/2019\/04\/IMG-20171109-WA0006-180x180.jpg 180w, https:\/\/www.mittelschule-perg.at\/stadtzentrum\/wp-content\/uploads\/2019\/04\/IMG-20171109-WA0006-120x120.jpg 120w, https:\/\/www.mittelschule-perg.at\/stadtzentrum\/wp-content\/uploads\/2019\/04\/IMG-20171109-WA0006-450x450.jpg 450w\" sizes=\"auto, (max-width: 80px) 100vw, 80px\" \/><\/a>\n\t\t\t<\/dt><\/dl><dl class='gallery-item'>\n\t\t\t<dt class='gallery-icon landscape'>\n\t\t\t\t<a href='https:\/\/www.mittelschule-perg.at\/stadtzentrum\/wp-content\/uploads\/2019\/04\/IMG-20171109-WA0009.jpg'><img loading=\"lazy\" decoding=\"async\" width=\"80\" height=\"80\" src=\"https:\/\/www.mittelschule-perg.at\/stadtzentrum\/wp-content\/uploads\/2019\/04\/IMG-20171109-WA0009-80x80.jpg\" class=\"attachment-thumbnail size-thumbnail\" alt=\"\" srcset=\"https:\/\/www.mittelschule-perg.at\/stadtzentrum\/wp-content\/uploads\/2019\/04\/IMG-20171109-WA0009-80x80.jpg 80w, https:\/\/www.mittelschule-perg.at\/stadtzentrum\/wp-content\/uploads\/2019\/04\/IMG-20171109-WA0009-36x36.jpg 36w, https:\/\/www.mittelschule-perg.at\/stadtzentrum\/wp-content\/uploads\/2019\/04\/IMG-20171109-WA0009-180x180.jpg 180w, https:\/\/www.mittelschule-perg.at\/stadtzentrum\/wp-content\/uploads\/2019\/04\/IMG-20171109-WA0009-120x120.jpg 120w, https:\/\/www.mittelschule-perg.at\/stadtzentrum\/wp-content\/uploads\/2019\/04\/IMG-20171109-WA0009-450x450.jpg 450w\" sizes=\"auto, (max-width: 80px) 100vw, 80px\" \/><\/a>\n\t\t\t<\/dt><\/dl><dl class='gallery-item'>\n\t\t\t<dt class='gallery-icon landscape'>\n\t\t\t\t<a href='https:\/\/www.mittelschule-perg.at\/stadtzentrum\/wp-content\/uploads\/2019\/04\/IMG-20171109-WA0010.jpg'><img loading=\"lazy\" decoding=\"async\" width=\"80\" height=\"80\" src=\"https:\/\/www.mittelschule-perg.at\/stadtzentrum\/wp-content\/uploads\/2019\/04\/IMG-20171109-WA0010-80x80.jpg\" class=\"attachment-thumbnail size-thumbnail\" alt=\"\" srcset=\"https:\/\/www.mittelschule-perg.at\/stadtzentrum\/wp-content\/uploads\/2019\/04\/IMG-20171109-WA0010-80x80.jpg 80w, https:\/\/www.mittelschule-perg.at\/stadtzentrum\/wp-content\/uploads\/2019\/04\/IMG-20171109-WA0010-36x36.jpg 36w, https:\/\/www.mittelschule-perg.at\/stadtzentrum\/wp-content\/uploads\/2019\/04\/IMG-20171109-WA0010-180x180.jpg 180w, https:\/\/www.mittelschule-perg.at\/stadtzentrum\/wp-content\/uploads\/2019\/04\/IMG-20171109-WA0010-120x120.jpg 120w, https:\/\/www.mittelschule-perg.at\/stadtzentrum\/wp-content\/uploads\/2019\/04\/IMG-20171109-WA0010-450x450.jpg 450w\" sizes=\"auto, (max-width: 80px) 100vw, 80px\" \/><\/a>\n\t\t\t<\/dt><\/dl><dl class='gallery-item'>\n\t\t\t<dt class='gallery-icon landscape'>\n\t\t\t\t<a href='https:\/\/www.mittelschule-perg.at\/stadtzentrum\/wp-content\/uploads\/2019\/04\/IMG-20171109-WA0011.jpg'><img loading=\"lazy\" decoding=\"async\" width=\"80\" height=\"80\" src=\"https:\/\/www.mittelschule-perg.at\/stadtzentrum\/wp-content\/uploads\/2019\/04\/IMG-20171109-WA0011-80x80.jpg\" class=\"attachment-thumbnail size-thumbnail\" alt=\"\" srcset=\"https:\/\/www.mittelschule-perg.at\/stadtzentrum\/wp-content\/uploads\/2019\/04\/IMG-20171109-WA0011-80x80.jpg 80w, https:\/\/www.mittelschule-perg.at\/stadtzentrum\/wp-content\/uploads\/2019\/04\/IMG-20171109-WA0011-36x36.jpg 36w, https:\/\/www.mittelschule-perg.at\/stadtzentrum\/wp-content\/uploads\/2019\/04\/IMG-20171109-WA0011-180x180.jpg 180w, https:\/\/www.mittelschule-perg.at\/stadtzentrum\/wp-content\/uploads\/2019\/04\/IMG-20171109-WA0011-120x120.jpg 120w, https:\/\/www.mittelschule-perg.at\/stadtzentrum\/wp-content\/uploads\/2019\/04\/IMG-20171109-WA0011-450x450.jpg 450w\" sizes=\"auto, (max-width: 80px) 100vw, 80px\" \/><\/a>\n\t\t\t<\/dt><\/dl><dl class='gallery-item'>\n\t\t\t<dt class='gallery-icon landscape'>\n\t\t\t\t<a href='https:\/\/www.mittelschule-perg.at\/stadtzentrum\/wp-content\/uploads\/2019\/04\/IMG-20171109-WA0012.jpg'><img loading=\"lazy\" decoding=\"async\" width=\"80\" height=\"80\" src=\"https:\/\/www.mittelschule-perg.at\/stadtzentrum\/wp-content\/uploads\/2019\/04\/IMG-20171109-WA0012-80x80.jpg\" class=\"attachment-thumbnail size-thumbnail\" alt=\"\" srcset=\"https:\/\/www.mittelschule-perg.at\/stadtzentrum\/wp-content\/uploads\/2019\/04\/IMG-20171109-WA0012-80x80.jpg 80w, https:\/\/www.mittelschule-perg.at\/stadtzentrum\/wp-content\/uploads\/2019\/04\/IMG-20171109-WA0012-36x36.jpg 36w, https:\/\/www.mittelschule-perg.at\/stadtzentrum\/wp-content\/uploads\/2019\/04\/IMG-20171109-WA0012-180x180.jpg 180w, https:\/\/www.mittelschule-perg.at\/stadtzentrum\/wp-content\/uploads\/2019\/04\/IMG-20171109-WA0012-120x120.jpg 120w, https:\/\/www.mittelschule-perg.at\/stadtzentrum\/wp-content\/uploads\/2019\/04\/IMG-20171109-WA0012-450x450.jpg 450w\" sizes=\"auto, (max-width: 80px) 100vw, 80px\" \/><\/a>\n\t\t\t<\/dt><\/dl><br style=\"clear: both\" \/><dl class='gallery-item'>\n\t\t\t<dt class='gallery-icon landscape'>\n\t\t\t\t<a href='https:\/\/www.mittelschule-perg.at\/stadtzentrum\/wp-content\/uploads\/2019\/04\/IMG-20171109-WA0013.jpg'><img loading=\"lazy\" decoding=\"async\" width=\"80\" height=\"80\" src=\"https:\/\/www.mittelschule-perg.at\/stadtzentrum\/wp-content\/uploads\/2019\/04\/IMG-20171109-WA0013-80x80.jpg\" class=\"attachment-thumbnail size-thumbnail\" alt=\"\" srcset=\"https:\/\/www.mittelschule-perg.at\/stadtzentrum\/wp-content\/uploads\/2019\/04\/IMG-20171109-WA0013-80x80.jpg 80w, https:\/\/www.mittelschule-perg.at\/stadtzentrum\/wp-content\/uploads\/2019\/04\/IMG-20171109-WA0013-36x36.jpg 36w, https:\/\/www.mittelschule-perg.at\/stadtzentrum\/wp-content\/uploads\/2019\/04\/IMG-20171109-WA0013-180x180.jpg 180w, https:\/\/www.mittelschule-perg.at\/stadtzentrum\/wp-content\/uploads\/2019\/04\/IMG-20171109-WA0013-120x120.jpg 120w, https:\/\/www.mittelschule-perg.at\/stadtzentrum\/wp-content\/uploads\/2019\/04\/IMG-20171109-WA0013-450x450.jpg 450w\" sizes=\"auto, (max-width: 80px) 100vw, 80px\" \/><\/a>\n\t\t\t<\/dt><\/dl><dl class='gallery-item'>\n\t\t\t<dt class='gallery-icon landscape'>\n\t\t\t\t<a href='https:\/\/www.mittelschule-perg.at\/stadtzentrum\/wp-content\/uploads\/2019\/04\/IMG-20171109-WA0014.jpg'><img loading=\"lazy\" decoding=\"async\" width=\"80\" height=\"80\" src=\"https:\/\/www.mittelschule-perg.at\/stadtzentrum\/wp-content\/uploads\/2019\/04\/IMG-20171109-WA0014-80x80.jpg\" class=\"attachment-thumbnail size-thumbnail\" alt=\"\" srcset=\"https:\/\/www.mittelschule-perg.at\/stadtzentrum\/wp-content\/uploads\/2019\/04\/IMG-20171109-WA0014-80x80.jpg 80w, https:\/\/www.mittelschule-perg.at\/stadtzentrum\/wp-content\/uploads\/2019\/04\/IMG-20171109-WA0014-36x36.jpg 36w, https:\/\/www.mittelschule-perg.at\/stadtzentrum\/wp-content\/uploads\/2019\/04\/IMG-20171109-WA0014-180x180.jpg 180w, https:\/\/www.mittelschule-perg.at\/stadtzentrum\/wp-content\/uploads\/2019\/04\/IMG-20171109-WA0014-120x120.jpg 120w, https:\/\/www.mittelschule-perg.at\/stadtzentrum\/wp-content\/uploads\/2019\/04\/IMG-20171109-WA0014-450x450.jpg 450w\" sizes=\"auto, (max-width: 80px) 100vw, 80px\" \/><\/a>\n\t\t\t<\/dt><\/dl><dl class='gallery-item'>\n\t\t\t<dt class='gallery-icon landscape'>\n\t\t\t\t<a href='https:\/\/www.mittelschule-perg.at\/stadtzentrum\/wp-content\/uploads\/2019\/04\/IMG-20171109-WA0015.jpg'><img loading=\"lazy\" decoding=\"async\" width=\"80\" height=\"80\" src=\"https:\/\/www.mittelschule-perg.at\/stadtzentrum\/wp-content\/uploads\/2019\/04\/IMG-20171109-WA0015-80x80.jpg\" class=\"attachment-thumbnail size-thumbnail\" alt=\"\" srcset=\"https:\/\/www.mittelschule-perg.at\/stadtzentrum\/wp-content\/uploads\/2019\/04\/IMG-20171109-WA0015-80x80.jpg 80w, https:\/\/www.mittelschule-perg.at\/stadtzentrum\/wp-content\/uploads\/2019\/04\/IMG-20171109-WA0015-36x36.jpg 36w, https:\/\/www.mittelschule-perg.at\/stadtzentrum\/wp-content\/uploads\/2019\/04\/IMG-20171109-WA0015-180x180.jpg 180w, https:\/\/www.mittelschule-perg.at\/stadtzentrum\/wp-content\/uploads\/2019\/04\/IMG-20171109-WA0015-120x120.jpg 120w, https:\/\/www.mittelschule-perg.at\/stadtzentrum\/wp-content\/uploads\/2019\/04\/IMG-20171109-WA0015-450x450.jpg 450w\" sizes=\"auto, (max-width: 80px) 100vw, 80px\" \/><\/a>\n\t\t\t<\/dt><\/dl><dl class='gallery-item'>\n\t\t\t<dt class='gallery-icon landscape'>\n\t\t\t\t<a href='https:\/\/www.mittelschule-perg.at\/stadtzentrum\/wp-content\/uploads\/2019\/04\/IMG-20171109-WA0016.jpg'><img loading=\"lazy\" decoding=\"async\" width=\"80\" height=\"80\" src=\"https:\/\/www.mittelschule-perg.at\/stadtzentrum\/wp-content\/uploads\/2019\/04\/IMG-20171109-WA0016-80x80.jpg\" class=\"attachment-thumbnail size-thumbnail\" alt=\"\" srcset=\"https:\/\/www.mittelschule-perg.at\/stadtzentrum\/wp-content\/uploads\/2019\/04\/IMG-20171109-WA0016-80x80.jpg 80w, https:\/\/www.mittelschule-perg.at\/stadtzentrum\/wp-content\/uploads\/2019\/04\/IMG-20171109-WA0016-36x36.jpg 36w, https:\/\/www.mittelschule-perg.at\/stadtzentrum\/wp-content\/uploads\/2019\/04\/IMG-20171109-WA0016-180x180.jpg 180w, https:\/\/www.mittelschule-perg.at\/stadtzentrum\/wp-content\/uploads\/2019\/04\/IMG-20171109-WA0016-120x120.jpg 120w, https:\/\/www.mittelschule-perg.at\/stadtzentrum\/wp-content\/uploads\/2019\/04\/IMG-20171109-WA0016-450x450.jpg 450w\" sizes=\"auto, (max-width: 80px) 100vw, 80px\" \/><\/a>\n\t\t\t<\/dt><\/dl>\n\t\t\t<br style='clear: both' \/>\n\t\t<\/div>\n\n","protected":false},"excerpt":{"rendered":"<p>Getanzt, geklatscht, gelacht und musiziert wurde am Mittwoch, den 8. November in unserer Schule beim Mitmachkonzert. Zwei Musiker aus Wien stellten schauspielerisch und musikalisch das Werk &#8222;Die vier Jahreszeiten&#8220; von Antonio Vivaldi vor. Die nach dem Konzert befragten Sch\u00fclerinnen und Sch\u00fcler fanden es interssant, lehrreich, lustig und cool. Einen Daumen hoch f\u00fcr das Konzert.<\/p>\n","protected":false},"author":1,"featured_media":4870,"comment_status":"open","ping_status":"open","sticky":false,"template":"","format":"standard","meta":{"footnotes":""},"categories":[1],"tags":[],"class_list":["post-170","post","type-post","status-publish","format-standard","has-post-thumbnail","hentry","category-projekte"],"_links":{"self":[{"href":"https:\/\/www.mittelschule-perg.at\/stadtzentrum\/wp-json\/wp\/v2\/posts\/170","targetHints":{"allow":["GET"]}}],"collection":[{"href":"https:\/\/www.mittelschule-perg.at\/stadtzentrum\/wp-json\/wp\/v2\/posts"}],"about":[{"href":"https:\/\/www.mittelschule-perg.at\/stadtzentrum\/wp-json\/wp\/v2\/types\/post"}],"author":[{"embeddable":true,"href":"https:\/\/www.mittelschule-perg.at\/stadtzentrum\/wp-json\/wp\/v2\/users\/1"}],"replies":[{"embeddable":true,"href":"https:\/\/www.mittelschule-perg.at\/stadtzentrum\/wp-json\/wp\/v2\/comments?post=170"}],"version-history":[{"count":2,"href":"https:\/\/www.mittelschule-perg.at\/stadtzentrum\/wp-json\/wp\/v2\/posts\/170\/revisions"}],"predecessor-version":[{"id":4867,"href":"https:\/\/www.mittelschule-perg.at\/stadtzentrum\/wp-json\/wp\/v2\/posts\/170\/revisions\/4867"}],"wp:featuredmedia":[{"embeddable":true,"href":"https:\/\/www.mittelschule-perg.at\/stadtzentrum\/wp-json\/wp\/v2\/media\/4870"}],"wp:attachment":[{"href":"https:\/\/www.mittelschule-perg.at\/stadtzentrum\/wp-json\/wp\/v2\/media?parent=170"}],"wp:term":[{"taxonomy":"category","embeddable":true,"href":"https:\/\/www.mittelschule-perg.at\/stadtzentrum\/wp-json\/wp\/v2\/categories?post=170"},{"taxonomy":"post_tag","embeddable":true,"href":"https:\/\/www.mittelschule-perg.at\/stadtzentrum\/wp-json\/wp\/v2\/tags?post=170"}],"curies":[{"name":"wp","href":"https:\/\/api.w.org\/{rel}","templated":true}]}}